{"id":3052,"date":"2026-06-22T09:16:28","date_gmt":"2026-06-22T09:16:28","guid":{"rendered":"https:\/\/szih.pl\/?p=3052"},"modified":"2026-08-19T12:45:20","modified_gmt":"2026-08-19T12:45:20","slug":"i-nabor-do-akademii-animacji-spolecznej","status":"publish","type":"post","link":"https:\/\/szih.pl\/?p=3052","title":{"rendered":"I nab\u00f3r do Akademii Animacji Spo\u0142ecznej | STPO | PRZED\u0141U\u017bENIE NABORU do 11.09.26"},"content":{"rendered":"<style>.kb-row-layout-id3052_8b57e0-7d > .kt-row-column-wrap{align-content:start;}:where(.kb-row-layout-id3052_8b57e0-7d > .kt-row-column-wrap) > .wp-block-kadence-column{justify-content:start;}.kb-row-layout-id3052_8b57e0-7d > .kt-row-column-wrap{column-gap:var(--global-kb-gap-md, 2rem);row-gap:var(--global-kb-gap-md, 2rem);padding-top:var(--global-kb-spacing-lg, 3rem);padding-bottom:var(--global-kb-spacing-sm, 1.5rem);grid-template-columns:minmax(0, 1fr);}.kb-row-layout-id3052_8b57e0-7d > .kt-row-layout-overlay{opacity:0.30;}.kb-row-layout-id3052_8b57e0-7d .kt-row-layout-top-sep{height:100px;}.kb-row-layout-id3052_8b57e0-7d .kt-row-layout-top-sep svg{width:100%;}.kb-row-layout-id3052_8b57e0-7d .kt-row-layout-top-sep svg{fill:var(--global-palette3, #1A202C)!important;}@media all and (max-width: 1024px){.kb-row-layout-id3052_8b57e0-7d > .kt-row-column-wrap{grid-template-columns:minmax(0, 1fr);}}@media all and (max-width: 767px){.kb-row-layout-id3052_8b57e0-7d > .kt-row-column-wrap{grid-template-columns:minmax(0, 1fr);}}<\/style><div class=\"kb-row-layout-wrap kb-row-layout-id3052_8b57e0-7d alignnone wp-block-kadence-rowlayout\"><div class=\"kt-row-column-wrap kt-has-1-columns kt-row-layout-equal kt-tab-layout-inherit kt-mobile-layout-row kt-row-valign-top\">\n<style>.kadence-column3052_b11858-69 > .kt-inside-inner-col,.kadence-column3052_b11858-69 > .kt-inside-inner-col:before{border-top-left-radius:0px;border-top-right-radius:0px;border-bottom-right-radius:0px;border-bottom-left-radius:0px;}.kadence-column3052_b11858-69 > .kt-inside-inner-col{column-gap:var(--global-kb-gap-sm, 1rem);}.kadence-column3052_b11858-69 > .kt-inside-inner-col{flex-direction:column;}.kadence-column3052_b11858-69 > .kt-inside-inner-col > .aligncenter{width:100%;}.kadence-column3052_b11858-69 > .kt-inside-inner-col:before{opacity:0.3;}.kadence-column3052_b11858-69{position:relative;}@media all and (max-width: 1024px){.kadence-column3052_b11858-69 > .kt-inside-inner-col{flex-direction:column;justify-content:center;}}@media all and (max-width: 767px){.kadence-column3052_b11858-69 > .kt-inside-inner-col{flex-direction:column;justify-content:center;}}<\/style>\n<div class=\"wp-block-kadence-column kadence-column3052_b11858-69\"><div class=\"kt-inside-inner-col\"><\/div><\/div>\n\n<\/div><\/div>\n\n<style>.kb-row-layout-id3052_a525f4-85 > .kt-row-column-wrap{align-content:start;}:where(.kb-row-layout-id3052_a525f4-85 > .kt-row-column-wrap) > .wp-block-kadence-column{justify-content:start;}.kb-row-layout-id3052_a525f4-85 > .kt-row-column-wrap{column-gap:var(--global-kb-gap-md, 2rem);row-gap:var(--global-kb-gap-md, 2rem);padding-top:var(--global-kb-spacing-md, 2rem);padding-bottom:var(--global-kb-spacing-sm, 1.5rem);grid-template-columns:minmax(0, 1fr);}.kb-row-layout-id3052_a525f4-85 > .kt-row-layout-overlay{opacity:0.30;}.kb-row-layout-id3052_a525f4-85 .kt-row-layout-top-sep{height:170px;}.kb-row-layout-id3052_a525f4-85 .kt-row-layout-top-sep svg{width:100%;}.kb-row-layout-id3052_a525f4-85 .kt-row-layout-top-sep svg{fill:#2379ca!important;}@media all and (max-width: 1024px){.kb-row-layout-id3052_a525f4-85 > .kt-row-column-wrap{grid-template-columns:minmax(0, 1fr);}}@media all and (max-width: 767px){.kb-row-layout-id3052_a525f4-85 > .kt-row-column-wrap{grid-template-columns:minmax(0, 1fr);}}<\/style><div class=\"kb-row-layout-wrap kb-row-layout-id3052_a525f4-85 alignnone wp-block-kadence-rowlayout\"><div class=\"kt-row-layout-top-sep kt-row-sep-type-ctdi\"><svg viewBox=\"0 0 1000 100\" preserveAspectRatio=\"none\"><path d=\"M500,2l500,78l0,20l-1000,0l0,-20l500,-78Z\" style=\"opacity: 0.4\" \/><path d=\"M500,2l500,98l-1000,0l500,-98Z\" \/><\/svg><\/div><div class=\"kt-row-column-wrap kt-has-1-columns kt-row-layout-equal kt-tab-layout-inherit kt-mobile-layout-row kt-row-valign-top\">\n<style>.kadence-column3052_ce4326-dd > .kt-inside-inner-col,.kadence-column3052_ce4326-dd > .kt-inside-inner-col:before{border-top-left-radius:0px;border-top-right-radius:0px;border-bottom-right-radius:0px;border-bottom-left-radius:0px;}.kadence-column3052_ce4326-dd > .kt-inside-inner-col{column-gap:var(--global-kb-gap-sm, 1rem);}.kadence-column3052_ce4326-dd > .kt-inside-inner-col{flex-direction:column;}.kadence-column3052_ce4326-dd > .kt-inside-inner-col > .aligncenter{width:100%;}.kadence-column3052_ce4326-dd > .kt-inside-inner-col:before{opacity:0.3;}.kadence-column3052_ce4326-dd{position:relative;}@media all and (max-width: 1024px){.kadence-column3052_ce4326-dd > .kt-inside-inner-col{flex-direction:column;justify-content:center;}}@media all and (max-width: 767px){.kadence-column3052_ce4326-dd > .kt-inside-inner-col{flex-direction:column;justify-content:center;}}<\/style>\n<div class=\"wp-block-kadence-column kadence-column3052_ce4326-dd\"><div class=\"kt-inside-inner-col\"><style>.wp-block-kadence-advancedheading.kt-adv-heading3052_328a21-ce, .wp-block-kadence-advancedheading.kt-adv-heading3052_328a21-ce[data-kb-block=\"kb-adv-heading3052_328a21-ce\"]{text-align:center;font-style:normal;text-shadow:1px 1px 1px var(--global-palette6, #718096);}.wp-block-kadence-advancedheading.kt-adv-heading3052_328a21-ce mark.kt-highlight, .wp-block-kadence-advancedheading.kt-adv-heading3052_328a21-ce[data-kb-block=\"kb-adv-heading3052_328a21-ce\"] mark.kt-highlight{font-style:normal;color:#f76a0c;-webkit-box-decoration-break:clone;box-decoration-break:clone;padding-top:0px;padding-right:0px;padding-bottom:0px;padding-left:0px;}.wp-block-kadence-advancedheading.kt-adv-heading3052_328a21-ce img.kb-inline-image, .wp-block-kadence-advancedheading.kt-adv-heading3052_328a21-ce[data-kb-block=\"kb-adv-heading3052_328a21-ce\"] img.kb-inline-image{width:150px;vertical-align:baseline;}@media all and (max-width: 1024px){.wp-block-kadence-advancedheading.kt-adv-heading3052_328a21-ce, .wp-block-kadence-advancedheading.kt-adv-heading3052_328a21-ce[data-kb-block=\"kb-adv-heading3052_328a21-ce\"]{text-shadow:1px 1px 1px var(--global-palette6, #718096);}}@media all and (max-width: 767px){.wp-block-kadence-advancedheading.kt-adv-heading3052_328a21-ce, .wp-block-kadence-advancedheading.kt-adv-heading3052_328a21-ce[data-kb-block=\"kb-adv-heading3052_328a21-ce\"]{text-shadow:1px 1px 1px var(--global-palette6, #718096);}}<\/style>\n<h1 class=\"kt-adv-heading3052_328a21-ce wp-block-kadence-advancedheading has-theme-palette-8-color has-text-color\" data-kb-block=\"kb-adv-heading3052_328a21-ce\">AKTUALNO\u015aCI<\/h1>\n<\/div><\/div>\n\n<\/div><\/div>\n\n\n<p class=\"wp-block-paragraph\"><\/p>\n\n\n\n<p class=\"wp-block-paragraph\"><strong>I nab\u00f3r do Akademii Animacji Spo\u0142ecznej<\/strong><\/p>\n\n\n\n<p class=\"wp-block-paragraph\"><\/p>\n\n\n\n<h2 class=\"wp-block-heading\">\ud83c\udf3f Nab\u00f3r do Akademii Animacji Spo\u0142ecznej.<\/h2>\n\n\n\n<p class=\"wp-block-paragraph\">Rozpoczynamy <strong>I nab\u00f3r do Akademii Animacji Spo\u0142ecznej<\/strong> w ramach projektu \u201eSpo\u0142eczna Transformacja Powiatu O\u015bwi\u0119cimskiego\u201d.<\/p>\n\n\n\n<p class=\"wp-block-paragraph\">Zg\u0142o\u015b si\u0119 do nas, je\u015bli chcesz dzia\u0142a\u0107 lokalnie, rozwija\u0107 swoje kompetencje i realnie wp\u0142ywa\u0107 na swoj\u0105 spo\u0142eczno\u015b\u0107.<\/p>\n\n\n\n<hr class=\"wp-block-separator has-alpha-channel-opacity\"\/>\n\n\n\n<h2 class=\"wp-block-heading\">\ud83d\udc65 Dla kogo?<\/h2>\n\n\n\n<p class=\"wp-block-paragraph\">Zapraszamy <strong>15 aktywnych mieszka\u0144c\u00f3w<\/strong> \u2013 lider\u00f3w, spo\u0142ecznik\u00f3w, wolontariuszy oraz przedstawicieli NGO, kt\u00f3rzy:<\/p>\n\n\n\n<ul class=\"wp-block-list\">\n<li>mieszkaj\u0105, pracuj\u0105 lub ucz\u0105 si\u0119 na terenie gmin:<br>O\u015bwi\u0119cim, Che\u0142mek, Brzeszcze, K\u0119ty, Polanka Wielka, Przecisz\u00f3w, Osiek, Zator<\/li>\n<\/ul>\n\n\n\n<h2 class=\"wp-block-heading\">\ud83d\udcda Co oferujemy?<\/h2>\n\n\n\n<p class=\"wp-block-paragraph\">Udzia\u0142 w <strong>bezp\u0142atnym programie rozwojowym<\/strong>, kt\u00f3ry obejmuje:<\/p>\n\n\n\n<ul class=\"wp-block-list\">\n<li>70 godzin szkoleniowych (14 spotka\u0144 po 5 godzin ka\u017cde)<\/li>\n\n\n\n<li>10 godzin indywidualnego mentoringu<\/li>\n<\/ul>\n\n\n\n<p class=\"wp-block-paragraph\">Podczas zaj\u0119\u0107 b\u0119dziemy pracowa\u0107 m.in. nad:<\/p>\n\n\n\n<ul class=\"wp-block-list\">\n<li>przyw\u00f3dztwem i budowaniem zespo\u0142\u00f3w<\/li>\n\n\n\n<li>wsp\u00f3\u0142prac\u0105 i tworzeniem lokalnych inicjatyw<\/li>\n\n\n\n<li>edukacj\u0105 klimatyczn\u0105 i spo\u0142eczn\u0105<\/li>\n\n\n\n<li>planowaniem dzia\u0142a\u0144 na rzecz spo\u0142eczno\u015bci<\/li>\n<\/ul>\n\n\n\n<p class=\"wp-block-paragraph\"><\/p>\n\n\n\n<hr class=\"wp-block-separator has-alpha-channel-opacity\"\/>\n\n\n\n<h2 class=\"wp-block-heading\">\ud83d\udccd Miejsce realizacji<\/h2>\n\n\n\n<p class=\"wp-block-paragraph\">O\u015bwi\u0119cim, ul. Chemik\u00f3w 1B<\/p>\n\n\n\n<hr class=\"wp-block-separator has-alpha-channel-opacity\"\/>\n\n\n\n<h2 class=\"wp-block-heading\">\ud83d\udcc5 Termin naboru<\/h2>\n\n\n\n<p class=\"wp-block-paragraph\">\ud83d\udccc 06.07.2026 \u2013 11.09.2026<br>Nab\u00f3r zostaje przed\u0142u\u017cony do 11.09.2026 r.<br><\/p>\n\n\n\n<hr class=\"wp-block-separator has-alpha-channel-opacity\"\/>\n\n\n\n<h2 class=\"wp-block-heading\">\ud83d\udcdd Jak si\u0119 zg\u0142osi\u0107?<\/h2>\n\n\n\n<p class=\"wp-block-paragraph\">Aby wzi\u0105\u0107 udzia\u0142 w rekrutacji, nale\u017cy z\u0142o\u017cy\u0107:<\/p>\n\n\n\n<ul class=\"wp-block-list\">\n<li>Formularz rekrutacyjny (Grupa A)<\/li>\n\n\n\n<li>za\u015bwiadczenie o zamieszkaniu \/ pracy \/ nauce<\/li>\n\n\n\n<li>opcjonalnie dokumenty potwierdzaj\u0105ce dzia\u0142alno\u015b\u0107 spo\u0142eczn\u0105<\/li>\n<\/ul>\n\n\n\n<p class=\"wp-block-paragraph\">Dokumenty mo\u017cna z\u0142o\u017cy\u0107:<\/p>\n\n\n\n<ul class=\"wp-block-list\">\n<li>osobi\u015bcie w Biurze Projektu<br>(ul. Chemik\u00f3w 1B, 32-600 O\u015bwi\u0119cim, 7:00\u201315:00)<\/li>\n\n\n\n<li>poczt\u0105 tradycyjn\u0105<\/li>\n\n\n\n<li>elektronicznie: <strong><a>stpo@szih.pl<\/a><\/strong><\/li>\n<\/ul>\n\n\n\n<hr class=\"wp-block-separator has-alpha-channel-opacity\"\/>\n\n\n\n<h2 class=\"wp-block-heading\">\ud83d\udcca Kryteria wyboru<\/h2>\n\n\n\n<p class=\"wp-block-paragraph\">O przyj\u0119ciu decyduje suma punkt\u00f3w z oceny zg\u0142osze\u0144.<\/p>\n\n\n\n<p class=\"wp-block-paragraph\">Dodatkowe punkty mo\u017cna uzyska\u0107 za:<\/p>\n\n\n\n<ul class=\"wp-block-list\">\n<li>aktywno\u015b\u0107 spo\u0142eczn\u0105<\/li>\n\n\n\n<li>p\u0142e\u0107 (kobiety +1 pkt)<\/li>\n\n\n\n<li>niepe\u0142nosprawno\u015b\u0107 (+1 pkt)<\/li>\n<\/ul>\n\n\n\n<hr class=\"wp-block-separator has-alpha-channel-opacity\"\/>\n\n\n\n<h2 class=\"wp-block-heading\">\ud83c\udf10 Dokumenty i szczeg\u00f3\u0142y projektu<\/h2>\n\n\n\n<p class=\"wp-block-paragraph\">Regulamin, formularze rekrutacyjne oraz pe\u0142ne informacje o projekcie znajduj\u0105 si\u0119 <strong><a href=\"https:\/\/szih.pl\/spoleczna-transformacja-powiatu-oswiecimskiego\/\" data-type=\"link\" data-id=\"https:\/\/szih.pl\/projekty-w-realizacji\/\">tutaj.<\/a><\/strong><\/p>\n\n\n\n<p class=\"wp-block-paragraph\">\ud83d\udc49 <strong>     <\/strong><\/p>\n\n\n\n<hr class=\"wp-block-separator has-alpha-channel-opacity\"\/>\n\n\n\n<h2 class=\"wp-block-heading\">\ud83c\uddea\ud83c\uddfa Finansowanie<\/h2>\n\n\n\n<p class=\"wp-block-paragraph\">Projekt wsp\u00f3\u0142finansowany przez Uni\u0119 Europejsk\u0105 ze \u015brodk\u00f3w Funduszu na rzecz Sprawiedliwej Transformacji w ramach Programu <strong>Fundusze Europejskie dla Ma\u0142opolski 2021\u20132027<\/strong>.<\/p>\n\n\n\n<h2 class=\"wp-block-heading\"><\/h2>\n\n\n\n<p class=\"wp-block-paragraph\"><\/p>\n\n\n\n<h2 class=\"wp-block-heading\"><\/h2>\n\n\n\n<p class=\"wp-block-paragraph\"><\/p>\n\n\n\n<h2 class=\"wp-block-heading\"><\/h2>\n\n\n\n<p class=\"wp-block-paragraph\"><\/p>\n\n\n\n<h2 class=\"wp-block-heading\"><\/h2>\n\n\n\n<p class=\"wp-block-paragraph\"><\/p>\n\n\n\n<h2 class=\"wp-block-heading\"><\/h2>\n\n\n\n<p class=\"wp-block-paragraph\"><\/p>\n\n\n\n<h2 class=\"wp-block-heading\"><\/h2>\n\n\n\n<p class=\"wp-block-paragraph\"><\/p>\n\n\n\n<h2 class=\"wp-block-heading\"><\/h2>\n\n\n\n<p class=\"wp-block-paragraph\"><\/p>\n\n\n\n<h2 class=\"wp-block-heading\"><\/h2>\n\n\n\n<p class=\"wp-block-paragraph\"><\/p>\n\n\n\n<h2 class=\"wp-block-heading\"><\/h2>\n\n\n\n<p class=\"wp-block-paragraph\"><\/p>\n","protected":false},"excerpt":{"rendered":"<p>AKTUALNO\u015aCI I nab\u00f3r do Akademii Animacji Spo\u0142ecznej \ud83c\udf3f Nab\u00f3r do Akademii Animacji Spo\u0142ecznej. Rozpoczynamy I nab\u00f3r do Akademii&#8230;<\/p>\n","protected":false},"author":3,"featured_media":3293,"comment_status":"open","ping_status":"open","sticky":false,"template":"","format":"standard","meta":{"_kad_blocks_custom_css":"","_kad_blocks_head_custom_js":"","_kad_blocks_body_custom_js":"","_kad_blocks_footer_custom_js":"","_kadence_starter_templates_imported_post":true,"_kad_post_transparent":"","_kad_post_title":"default","_kad_post_layout":"","_kad_post_sidebar_id":"","_kad_post_content_style":"","_kad_post_vertical_padding":"","_kad_post_feature":"","_kad_post_feature_position":"","_kad_post_header":false,"_kad_post_footer":false,"_kad_post_classname":"","footnotes":""},"categories":[17],"tags":[],"class_list":["post-3052","post","type-post","status-publish","format-standard","has-post-thumbnail","hentry","category-aktualnosci"],"taxonomy_info":{"category":[{"value":17,"label":"Aktualno\u015bci"}]},"featured_image_src_large":["https:\/\/szih.pl\/wp-content\/uploads\/2026\/06\/REKRUTACJA-TRWA-1024x724.png",1024,724,true],"author_info":{"display_name":"Roksana","author_link":"https:\/\/szih.pl\/?author=3"},"comment_info":0,"category_info":[{"term_id":17,"name":"Aktualno\u015bci","slug":"aktualnosci","term_group":0,"term_taxonomy_id":17,"taxonomy":"category","description":"","parent":0,"count":143,"filter":"raw","cat_ID":17,"category_count":143,"category_description":"","cat_name":"Aktualno\u015bci","category_nicename":"aktualnosci","category_parent":0}],"tag_info":false,"_links":{"self":[{"href":"https:\/\/szih.pl\/index.php?rest_route=\/wp\/v2\/posts\/3052","targetHints":{"allow":["GET"]}}],"collection":[{"href":"https:\/\/szih.pl\/index.php?rest_route=\/wp\/v2\/posts"}],"about":[{"href":"https:\/\/szih.pl\/index.php?rest_route=\/wp\/v2\/types\/post"}],"author":[{"embeddable":true,"href":"https:\/\/szih.pl\/index.php?rest_route=\/wp\/v2\/users\/3"}],"replies":[{"embeddable":true,"href":"https:\/\/szih.pl\/index.php?rest_route=%2Fwp%2Fv2%2Fcomments&post=3052"}],"version-history":[{"count":5,"href":"https:\/\/szih.pl\/index.php?rest_route=\/wp\/v2\/posts\/3052\/revisions"}],"predecessor-version":[{"id":3291,"href":"https:\/\/szih.pl\/index.php?rest_route=\/wp\/v2\/posts\/3052\/revisions\/3291"}],"wp:featuredmedia":[{"embeddable":true,"href":"https:\/\/szih.pl\/index.php?rest_route=\/wp\/v2\/media\/3293"}],"wp:attachment":[{"href":"https:\/\/szih.pl\/index.php?rest_route=%2Fwp%2Fv2%2Fmedia&parent=3052"}],"wp:term":[{"taxonomy":"category","embeddable":true,"href":"https:\/\/szih.pl\/index.php?rest_route=%2Fwp%2Fv2%2Fcategories&post=3052"},{"taxonomy":"post_tag","embeddable":true,"href":"https:\/\/szih.pl\/index.php?rest_route=%2Fwp%2Fv2%2Ftags&post=3052"}],"curies":[{"name":"wp","href":"https:\/\/api.w.org\/{rel}","templated":true}]}}